{"@context":"https:\/\/schema.org\/","@type":"CollectionPage","@id":"https:\/\/www.artcat.cz\/auto-moto\/#CollectionPage","headline":"Auto moto Category","description":"","url":"https:\/\/www.artcat.cz\/auto-moto\/","hasPart":[{"@type":"Article","@id":"https:\/\/www.artcat.cz\/autonehoda-v-zahranici\/","headline":"Autonehoda v zahrani\u010d\u00ed","url":"https:\/\/www.artcat.cz\/autonehoda-v-zahranici\/","datePublished":"2025-03-03","dateModified":"2023-05-01","mainEntityOfPage":"https:\/\/www.artcat.cz\/autonehoda-v-zahranici\/","author":{"@type":"Person","@id":"https:\/\/www.artcat.cz\/author\/#Person","name":"artcat.cz\n","url":"https:\/\/www.artcat.cz\/author\/","identifier":1,"image":{"@type":"ImageObject","@id":"https:\/\/secure.gravatar.com\/avatar\/633c8fb9866a4b0403353760c35030d9478298d226363320d7bf91cdc3dbe3b6?s=96&d=mm&r=g","url":"https:\/\/secure.gravatar.com\/avatar\/633c8fb9866a4b0403353760c35030d9478298d226363320d7bf91cdc3dbe3b6?s=96&d=mm&r=g","height":96,"width":96}},"publisher":{"@type":"Organization","name":"artcat.cz","logo":{"@type":"ImageObject","@id":"\/logo.png","url":"\/logo.png","width":600,"height":60}},"image":{"@type":"ImageObject","@id":"https:\/\/www.artcat.cz\/wp-content\/uploads\/img_a294097_w2149_t1506016373.jpg","url":"https:\/\/www.artcat.cz\/wp-content\/uploads\/img_a294097_w2149_t1506016373.jpg","height":0,"width":0},"keywords":null},{"@type":"Article","@id":"https:\/\/www.artcat.cz\/nove-nebo-ojete\/","headline":"Nov\u00e9 nebo ojet\u00e9?","url":"https:\/\/www.artcat.cz\/nove-nebo-ojete\/","datePublished":"2025-03-01","dateModified":"2023-05-01","mainEntityOfPage":"https:\/\/www.artcat.cz\/nove-nebo-ojete\/","author":{"@type":"Person","@id":"https:\/\/www.artcat.cz\/author\/#Person","name":"artcat.cz\n","url":"https:\/\/www.artcat.cz\/author\/","identifier":1,"image":{"@type":"ImageObject","@id":"https:\/\/secure.gravatar.com\/avatar\/633c8fb9866a4b0403353760c35030d9478298d226363320d7bf91cdc3dbe3b6?s=96&d=mm&r=g","url":"https:\/\/secure.gravatar.com\/avatar\/633c8fb9866a4b0403353760c35030d9478298d226363320d7bf91cdc3dbe3b6?s=96&d=mm&r=g","height":96,"width":96}},"publisher":{"@type":"Organization","name":"artcat.cz","logo":{"@type":"ImageObject","@id":"\/logo.png","url":"\/logo.png","width":600,"height":60}},"image":{"@type":"ImageObject","@id":"https:\/\/www.artcat.cz\/wp-content\/uploads\/img_a304762_w2149_t1516088568.jpg","url":"https:\/\/www.artcat.cz\/wp-content\/uploads\/img_a304762_w2149_t1516088568.jpg","height":0,"width":0},"keywords":null},{"@type":"Article","@id":"https:\/\/www.artcat.cz\/wolkswagen-transporter\/","headline":"Wolkswagen transporter","url":"https:\/\/www.artcat.cz\/wolkswagen-transporter\/","datePublished":"2019-07-17","dateModified":"2023-05-01","mainEntityOfPage":"https:\/\/www.artcat.cz\/wolkswagen-transporter\/","author":{"@type":"Person","@id":"https:\/\/www.artcat.cz\/author\/#Person","name":"artcat.cz\n","url":"https:\/\/www.artcat.cz\/author\/","identifier":1,"image":{"@type":"ImageObject","@id":"https:\/\/secure.gravatar.com\/avatar\/633c8fb9866a4b0403353760c35030d9478298d226363320d7bf91cdc3dbe3b6?s=96&d=mm&r=g","url":"https:\/\/secure.gravatar.com\/avatar\/633c8fb9866a4b0403353760c35030d9478298d226363320d7bf91cdc3dbe3b6?s=96&d=mm&r=g","height":96,"width":96}},"publisher":{"@type":"Organization","name":"artcat.cz","logo":{"@type":"ImageObject","@id":"\/logo.png","url":"\/logo.png","width":600,"height":60}},"image":{"@type":"ImageObject","@id":"https:\/\/www.artcat.cz\/wp-content\/uploads\/img_a350084_w2149_t1564931643.jpg","url":"https:\/\/www.artcat.cz\/wp-content\/uploads\/img_a350084_w2149_t1564931643.jpg","height":0,"width":0},"keywords":null},{"@type":"Article","@id":"https:\/\/www.artcat.cz\/vyhnete-se-neprijemnostem\/","headline":"Vyhn\u011bte se nep\u0159\u00edjemnostem","url":"https:\/\/www.artcat.cz\/vyhnete-se-neprijemnostem\/","datePublished":"2017-05-09","dateModified":"2023-05-01","mainEntityOfPage":"https:\/\/www.artcat.cz\/vyhnete-se-neprijemnostem\/","author":{"@type":"Person","@id":"https:\/\/www.artcat.cz\/author\/#Person","name":"artcat.cz\n","url":"https:\/\/www.artcat.cz\/author\/","identifier":1,"image":{"@type":"ImageObject","@id":"https:\/\/secure.gravatar.com\/avatar\/633c8fb9866a4b0403353760c35030d9478298d226363320d7bf91cdc3dbe3b6?s=96&d=mm&r=g","url":"https:\/\/secure.gravatar.com\/avatar\/633c8fb9866a4b0403353760c35030d9478298d226363320d7bf91cdc3dbe3b6?s=96&d=mm&r=g","height":96,"width":96}},"publisher":{"@type":"Organization","name":"artcat.cz","logo":{"@type":"ImageObject","@id":"\/logo.png","url":"\/logo.png","width":600,"height":60}},"image":{"@type":"ImageObject","@id":"https:\/\/www.artcat.cz\/wp-content\/uploads\/img_a292951_w2149_t1505315105.jpg","url":"https:\/\/www.artcat.cz\/wp-content\/uploads\/img_a292951_w2149_t1505315105.jpg","height":0,"width":0},"keywords":null}]}