{"@context":"https:\/\/schema.org\/","@type":"CollectionPage","@id":"https:\/\/www.artcat.cz\/cestovani\/#CollectionPage","headline":"Cestov\u00e1n\u00ed Category","description":"","url":"https:\/\/www.artcat.cz\/cestovani\/","hasPart":[{"@type":"Article","@id":"https:\/\/www.artcat.cz\/cervene-mesto\/","headline":"\u010cERVEN\u00c9 M\u011aSTO","url":"https:\/\/www.artcat.cz\/cervene-mesto\/","datePublished":"2025-03-02","dateModified":"2023-05-01","mainEntityOfPage":"https:\/\/www.artcat.cz\/cervene-mesto\/","author":{"@type":"Person","@id":"https:\/\/www.artcat.cz\/author\/#Person","name":"artcat.cz\n","url":"https:\/\/www.artcat.cz\/author\/","identifier":1,"image":{"@type":"ImageObject","@id":"https:\/\/secure.gravatar.com\/avatar\/633c8fb9866a4b0403353760c35030d9478298d226363320d7bf91cdc3dbe3b6?s=96&d=mm&r=g","url":"https:\/\/secure.gravatar.com\/avatar\/633c8fb9866a4b0403353760c35030d9478298d226363320d7bf91cdc3dbe3b6?s=96&d=mm&r=g","height":96,"width":96}},"publisher":{"@type":"Organization","name":"artcat.cz","logo":{"@type":"ImageObject","@id":"\/logo.png","url":"\/logo.png","width":600,"height":60}},"image":{"@type":"ImageObject","@id":"https:\/\/www.artcat.cz\/wp-content\/uploads\/img_a310625_w2149_t1521614740.jpg","url":"https:\/\/www.artcat.cz\/wp-content\/uploads\/img_a310625_w2149_t1521614740.jpg","height":0,"width":0},"keywords":null},{"@type":"Article","@id":"https:\/\/www.artcat.cz\/neni-cesta-jako-cesta\/","headline":"Nen\u00ed cesta jako cesta","url":"https:\/\/www.artcat.cz\/neni-cesta-jako-cesta\/","datePublished":"2025-02-26","dateModified":"2023-05-01","mainEntityOfPage":"https:\/\/www.artcat.cz\/neni-cesta-jako-cesta\/","author":{"@type":"Person","@id":"https:\/\/www.artcat.cz\/author\/#Person","name":"artcat.cz\n","url":"https:\/\/www.artcat.cz\/author\/","identifier":1,"image":{"@type":"ImageObject","@id":"https:\/\/secure.gravatar.com\/avatar\/633c8fb9866a4b0403353760c35030d9478298d226363320d7bf91cdc3dbe3b6?s=96&d=mm&r=g","url":"https:\/\/secure.gravatar.com\/avatar\/633c8fb9866a4b0403353760c35030d9478298d226363320d7bf91cdc3dbe3b6?s=96&d=mm&r=g","height":96,"width":96}},"publisher":{"@type":"Organization","name":"artcat.cz","logo":{"@type":"ImageObject","@id":"\/logo.png","url":"\/logo.png","width":600,"height":60}},"image":{"@type":"ImageObject","@id":"https:\/\/www.artcat.cz\/wp-content\/uploads\/img_a295206_w2149_t1506759470.jpg","url":"https:\/\/www.artcat.cz\/wp-content\/uploads\/img_a295206_w2149_t1506759470.jpg","height":0,"width":0},"keywords":null},{"@type":"Article","@id":"https:\/\/www.artcat.cz\/portugalsko\/","headline":"Portugalsko","url":"https:\/\/www.artcat.cz\/portugalsko\/","datePublished":"2023-05-01","dateModified":"2023-05-01","mainEntityOfPage":"https:\/\/www.artcat.cz\/portugalsko\/","author":{"@type":"Person","@id":"https:\/\/www.artcat.cz\/author\/#Person","name":"artcat.cz\n","url":"https:\/\/www.artcat.cz\/author\/","identifier":1,"image":{"@type":"ImageObject","@id":"https:\/\/secure.gravatar.com\/avatar\/633c8fb9866a4b0403353760c35030d9478298d226363320d7bf91cdc3dbe3b6?s=96&d=mm&r=g","url":"https:\/\/secure.gravatar.com\/avatar\/633c8fb9866a4b0403353760c35030d9478298d226363320d7bf91cdc3dbe3b6?s=96&d=mm&r=g","height":96,"width":96}},"publisher":{"@type":"Organization","name":"artcat.cz","logo":{"@type":"ImageObject","@id":"\/logo.png","url":"\/logo.png","width":600,"height":60}},"image":null,"keywords":null},{"@type":"Article","@id":"https:\/\/www.artcat.cz\/dovolena-v-ramci-spanelska-znamena-objevovani-maurske-nadhery\/","headline":"Dovolen\u00e1 v r\u00e1mci \u0160pan\u011blska znamen\u00e1 objevov\u00e1n\u00ed maursk\u00e9 n\u00e1dhery","url":"https:\/\/www.artcat.cz\/dovolena-v-ramci-spanelska-znamena-objevovani-maurske-nadhery\/","datePublished":"2022-01-23","dateModified":"2023-05-01","mainEntityOfPage":"https:\/\/www.artcat.cz\/dovolena-v-ramci-spanelska-znamena-objevovani-maurske-nadhery\/","author":{"@type":"Person","@id":"https:\/\/www.artcat.cz\/author\/#Person","name":"artcat.cz\n","url":"https:\/\/www.artcat.cz\/author\/","identifier":1,"image":{"@type":"ImageObject","@id":"https:\/\/secure.gravatar.com\/avatar\/633c8fb9866a4b0403353760c35030d9478298d226363320d7bf91cdc3dbe3b6?s=96&d=mm&r=g","url":"https:\/\/secure.gravatar.com\/avatar\/633c8fb9866a4b0403353760c35030d9478298d226363320d7bf91cdc3dbe3b6?s=96&d=mm&r=g","height":96,"width":96}},"publisher":{"@type":"Organization","name":"artcat.cz","logo":{"@type":"ImageObject","@id":"\/logo.png","url":"\/logo.png","width":600,"height":60}},"image":{"@type":"ImageObject","@id":"https:\/\/www.artcat.cz\/wp-content\/uploads\/cadiz_axAVB5.jpg","url":"https:\/\/www.artcat.cz\/wp-content\/uploads\/cadiz_axAVB5.jpg","height":0,"width":0},"keywords":null},{"@type":"Article","@id":"https:\/\/www.artcat.cz\/ubytovani-v-clamping-chatkach-slovinsko\/","headline":"Ubytov\u00e1n\u00ed v Clamping chatk\u00e1ch Slovinsko","url":"https:\/\/www.artcat.cz\/ubytovani-v-clamping-chatkach-slovinsko\/","datePublished":"2020-10-09","dateModified":"2023-09-01","mainEntityOfPage":"https:\/\/www.artcat.cz\/ubytovani-v-clamping-chatkach-slovinsko\/","author":{"@type":"Person","@id":"https:\/\/www.artcat.cz\/author\/#Person","name":"artcat.cz\n","url":"https:\/\/www.artcat.cz\/author\/","identifier":1,"image":{"@type":"ImageObject","@id":"https:\/\/secure.gravatar.com\/avatar\/633c8fb9866a4b0403353760c35030d9478298d226363320d7bf91cdc3dbe3b6?s=96&d=mm&r=g","url":"https:\/\/secure.gravatar.com\/avatar\/633c8fb9866a4b0403353760c35030d9478298d226363320d7bf91cdc3dbe3b6?s=96&d=mm&r=g","height":96,"width":96}},"publisher":{"@type":"Organization","name":"artcat.cz","logo":{"@type":"ImageObject","@id":"\/logo.png","url":"\/logo.png","width":600,"height":60}},"image":{"@type":"ImageObject","@id":"https:\/\/www.artcat.cz\/wp-content\/uploads\/img_a389091_w2149_t1603437114.jpg","url":"https:\/\/www.artcat.cz\/wp-content\/uploads\/img_a389091_w2149_t1603437114.jpg","height":0,"width":0},"keywords":null},{"@type":"Article","@id":"https:\/\/www.artcat.cz\/nejvetsi-zajimavosti-kazachstanu\/","headline":"Nejv\u011bt\u0161\u00ed zaj\u00edmavosti Kazachst\u00e1nu","url":"https:\/\/www.artcat.cz\/nejvetsi-zajimavosti-kazachstanu\/","datePublished":"2019-05-15","dateModified":"2023-05-01","mainEntityOfPage":"https:\/\/www.artcat.cz\/nejvetsi-zajimavosti-kazachstanu\/","author":{"@type":"Person","@id":"https:\/\/www.artcat.cz\/author\/#Person","name":"artcat.cz\n","url":"https:\/\/www.artcat.cz\/author\/","identifier":1,"image":{"@type":"ImageObject","@id":"https:\/\/secure.gravatar.com\/avatar\/633c8fb9866a4b0403353760c35030d9478298d226363320d7bf91cdc3dbe3b6?s=96&d=mm&r=g","url":"https:\/\/secure.gravatar.com\/avatar\/633c8fb9866a4b0403353760c35030d9478298d226363320d7bf91cdc3dbe3b6?s=96&d=mm&r=g","height":96,"width":96}},"publisher":{"@type":"Organization","name":"artcat.cz","logo":{"@type":"ImageObject","@id":"\/logo.png","url":"\/logo.png","width":600,"height":60}},"image":{"@type":"ImageObject","@id":"https:\/\/www.artcat.cz\/wp-content\/uploads\/img_a345239_w2149_t1558881938.jpg","url":"https:\/\/www.artcat.cz\/wp-content\/uploads\/img_a345239_w2149_t1558881938.jpg","height":0,"width":0},"keywords":null}]}