[{"@context":"https:\/\/schema.org\/","@type":"Article","@id":"https:\/\/www.artcat.cz\/dovolena-je-za-rohem\/#Article","mainEntityOfPage":"https:\/\/www.artcat.cz\/dovolena-je-za-rohem\/","headline":"Dovolen\u00e1 je za rohem","name":"Dovolen\u00e1 je za rohem","description":"Dovolen\u00e1 je \u010das, kdy si odpo\u010dineme od pr\u00e1ce, od povinnost\u00ed v dom\u00e1cnosti a na\u010derp\u00e1me s\u00edly. N\u011bkdo d\u00e1v\u00e1 p\u0159ednost pozn\u00e1v\u00e1n\u00ed nov\u00fdch m\u00edst a n\u011bkdo zase jezd\u00ed roky na stejn\u00e9 m\u00edsto, kter\u00e9 si obl\u00edbil. Typick\u00e9 je Chorvatsko, kam se statis\u00edce \u010cech\u016f vrac\u00ed ka\u017ed\u00fd rok. Velmi obl\u00edben\u00e1 je m\u011bsto Makarska a nebo t\u0159eba Istrie, kde najdete n\u00e1dhernou vodu [&hellip;]","datePublished":"2023-06-08","dateModified":"2023-06-09","author":{"@type":"Person","@id":"https:\/\/www.artcat.cz\/author\/#Person","name":"artcat.cz\n","url":"https:\/\/www.artcat.cz\/author\/","identifier":1,"image":{"@type":"ImageObject","@id":"https:\/\/secure.gravatar.com\/avatar\/633c8fb9866a4b0403353760c35030d9478298d226363320d7bf91cdc3dbe3b6?s=96&d=mm&r=g","url":"https:\/\/secure.gravatar.com\/avatar\/633c8fb9866a4b0403353760c35030d9478298d226363320d7bf91cdc3dbe3b6?s=96&d=mm&r=g","height":96,"width":96}},"publisher":{"@type":"Organization","name":"artcat.cz","logo":{"@type":"ImageObject","@id":"\/logo.png","url":"\/logo.png","width":600,"height":60}},"image":{"@type":"ImageObject","@id":"https:\/\/www.artcat.cz\/wp-content\/uploads\/croatia-1611128_640_10_6.jpg","url":"https:\/\/www.artcat.cz\/wp-content\/uploads\/croatia-1611128_640_10_6.jpg","height":0,"width":0},"url":"https:\/\/www.artcat.cz\/dovolena-je-za-rohem\/","about":["Podnik\u00e1n\u00ed"],"wordCount":422,"articleBody":"    Dovolen\u00e1 je \u010das, kdy si odpo\u010dineme od pr\u00e1ce, od povinnost\u00ed v dom\u00e1cnosti a na\u010derp\u00e1me s\u00edly. N\u011bkdo d\u00e1v\u00e1 p\u0159ednost pozn\u00e1v\u00e1n\u00ed nov\u00fdch m\u00edst a n\u011bkdo zase jezd\u00ed roky na stejn\u00e9 m\u00edsto, kter\u00e9 si obl\u00edbil. Typick\u00e9 je Chorvatsko, kam se statis\u00edce \u010cech\u016f vrac\u00ed ka\u017ed\u00fd rok. Velmi obl\u00edben\u00e1 je m\u011bsto Makarska a nebo t\u0159eba Istrie, kde najdete n\u00e1dhernou vodu a kr\u00e1sn\u00e9 pl\u00e1\u017ee.  V posledn\u00edch letech je velmi popul\u00e1rn\u00ed i Rumunsko \u010di Alb\u00e1nie, kde i p\u0159es zna\u010dn\u00e9 p\u0159edsudky m\u016f\u017eeme naj\u00edt kr\u00e1snou architekturu a mnoho n\u00e1dhern\u00fdch pl\u00e1\u017e\u00ed s pr\u016fzra\u010dnou vodou. N\u011bkte\u0159\u00ed lid\u00e9 tyto zem\u011b ozna\u010duj\u00ed za levnou n\u00e1hradu Bali, proto\u017ee proto\u017ee pr\u00e1v\u011b Bali je sv\u011btozn\u00e1m\u00e9 sv\u00fdmi n\u00e1dhern\u00fdmi pr\u016fzra\u010dn\u00fdmi vodami a legend\u00e1rn\u00edmi chati\u010dkami p\u0159\u00edmo v mo\u0159i. A\u0165 u\u017e se rozhodnete cestovat kamkoliv, je pot\u0159eba si z\u00e1jezd p\u0159edem zarezervovat. Te\u010f v \u010dervnu u\u017e je v\u011bt\u0161ina z\u00e1jezd\u016f vyprodan\u00fdch a dal\u0161\u00ed voln\u00e9 term\u00edny jsou a\u017e koncem l\u00e9ta. I koncem l\u00e9ta si m\u016f\u017eete u\u017e\u00edt spoustu kr\u00e1sn\u00fdch chvil v zahrani\u010d\u00ed n\u011bkde u mo\u0159e, ale mus\u00edte po\u010d\u00edtat s t\u00edm, \u017ee v\u00e1m zam\u011bstnavatel d\u00e1 dovolenou i v jin\u00fd term\u00edn ne\u017e jste p\u016fvodn\u011b zam\u00fd\u0161leli.  I u n\u00e1s je kr\u00e1sn\u011b Pro mnoho lid\u00ed je sice dovolen\u00e1 synonymem p\u0159\u00edmo\u0159sk\u00e9ho letoviska, ale dal\u0161\u00ed \u010d\u00e1st lid\u00ed d\u00e1v\u00e1 p\u0159ednost dovolen\u00e9 v tuzemsku. Pr\u00e1v\u011b tuzemsk\u00e1 dovolen\u00e1 m\u016f\u017ee b\u00fdt pro celou rodinu levn\u011bj\u0161\u00ed ne\u017e dovolen\u00e1 u mo\u0159e. Najdete zde mnoho kr\u00e1sn\u00fdch m\u00edst, kter\u00e1 stoj\u00ed za to, abyste je nav\u0161t\u00edvili. Vyhl\u00e1\u0161en\u00e1 jsou l\u00e1ze\u0148sk\u00e1 m\u011bsta, kam si m\u016f\u017eete sko\u010dit t\u0159eba na mas\u00e1\u017e nebo do sauny. Rozhodli jste se pro zahrani\u010d\u00ed? Jestli se bal\u00edte na dovolenou za hranice, ur\u010dit\u011b je pot\u0159eba myslet na v\u0161echno. Krom\u011b toho \u017ee si mus\u00edte sbalit v\u0161echny v\u011bci proto\u017ee u\u017e se pro n\u011b nedostanete, mus\u00edte zajistit d\u016fm \u010di byt p\u0159ed nezvanou n\u00e1v\u0161t\u011bvou. Z\u00e1rove\u0148 si mus\u00edte sjednat opravdu dobr\u00e9 cestovn\u00ed poji\u0161t\u011bn\u00ed, kter\u00e9 v\u00e1m pokryje n\u00e1klady spojen\u00e9 s l\u00e9\u010dbou a p\u0159\u00edpadn\u00fdm pobytem v nemocnici v zahrani\u010d\u00ed.                                                                                                                                                                                                                                                                                                                                                                                          4.5\/5 - (11 votes)        "},{"@context":"https:\/\/schema.org\/","@type":"BreadcrumbList","itemListElement":[{"@type":"ListItem","position":1,"name":"Dovolen\u00e1 je za rohem","item":"https:\/\/www.artcat.cz\/dovolena-je-za-rohem\/#breadcrumbitem"}]}]