[{"@context":"https:\/\/schema.org\/","@type":"Article","@id":"https:\/\/www.artcat.cz\/dovolena-v-ramci-spanelska-znamena-objevovani-maurske-nadhery\/#Article","mainEntityOfPage":"https:\/\/www.artcat.cz\/dovolena-v-ramci-spanelska-znamena-objevovani-maurske-nadhery\/","headline":"Dovolen\u00e1 v r\u00e1mci \u0160pan\u011blska znamen\u00e1 objevov\u00e1n\u00ed maursk\u00e9 n\u00e1dhery","name":"Dovolen\u00e1 v r\u00e1mci \u0160pan\u011blska znamen\u00e1 objevov\u00e1n\u00ed maursk\u00e9 n\u00e1dhery","description":"U\u017e sice nejsou emir\u00e1ty, ale po maursk\u00fdch dobyvatel\u00edch z\u016fstalo zejm\u00e9na na jihu Pyrenejsk\u00e9ho poloostrova tolik kr\u00e1sy, \u017ee turistick\u00fd ruch nem\u016f\u017ee z\u016fst\u00e1vat stranou \u2013 st\u00e1l by toti\u017e vlastn\u011b s\u00e1m proti sob\u011b. Ano, m\u011bsta jako Granada jsou vyhled\u00e1van\u00e1 nejen kv\u016fli Alhamb\u0159e, sv\u00e9 si najde pozorn\u00fd n\u00e1v\u0161t\u011bvn\u00edk i na Mallorce a v mnoha dal\u0161\u00edch destinac\u00edch. Poj\u010fme si doporu\u010dit [&hellip;]","datePublished":"2022-01-23","dateModified":"2023-05-01","author":{"@type":"Person","@id":"https:\/\/www.artcat.cz\/author\/#Person","name":"artcat.cz\n","url":"https:\/\/www.artcat.cz\/author\/","identifier":1,"image":{"@type":"ImageObject","@id":"https:\/\/secure.gravatar.com\/avatar\/633c8fb9866a4b0403353760c35030d9478298d226363320d7bf91cdc3dbe3b6?s=96&d=mm&r=g","url":"https:\/\/secure.gravatar.com\/avatar\/633c8fb9866a4b0403353760c35030d9478298d226363320d7bf91cdc3dbe3b6?s=96&d=mm&r=g","height":96,"width":96}},"publisher":{"@type":"Organization","name":"artcat.cz","logo":{"@type":"ImageObject","@id":"\/logo.png","url":"\/logo.png","width":600,"height":60}},"image":{"@type":"ImageObject","@id":"https:\/\/www.artcat.cz\/wp-content\/uploads\/cadiz_axAVB5.jpg","url":"https:\/\/www.artcat.cz\/wp-content\/uploads\/cadiz_axAVB5.jpg","height":0,"width":0},"url":"https:\/\/www.artcat.cz\/dovolena-v-ramci-spanelska-znamena-objevovani-maurske-nadhery\/","about":["Cestov\u00e1n\u00ed"],"wordCount":387,"articleBody":"          U\u017e sice nejsou emir\u00e1ty, ale po maursk\u00fdch dobyvatel\u00edch z\u016fstalo zejm\u00e9na na jihu Pyrenejsk\u00e9ho poloostrova tolik kr\u00e1sy, \u017ee turistick\u00fd ruch nem\u016f\u017ee z\u016fst\u00e1vat stranou \u2013 st\u00e1l by toti\u017e vlastn\u011b s\u00e1m proti sob\u011b. Ano, m\u011bsta jako Granada jsou vyhled\u00e1van\u00e1 nejen kv\u016fli Alhamb\u0159e, sv\u00e9 si najde pozorn\u00fd n\u00e1v\u0161t\u011bvn\u00edk i na Mallorce a v mnoha dal\u0161\u00edch destinac\u00edch. Poj\u010fme si doporu\u010dit t\u0159i takov\u00e9, nad nimi\u017e slunce z\u00e1jmu cestovatel\u016f zajist\u00e9 nezapad\u00e1 a d\u00e1 se sm\u011ble prohl\u00e1sit, \u017ee tuto pozornost z\u0159ejm\u011b neohroz\u00ed v\u016fbec nic\u2026   Za\u010dn\u011bme t\u0159eba v Seville, centru Andalusie N\u00e1zev, kter\u00fd region dostal od Maur\u016f a je pravdou, \u017ee tu dodnes na jejich os\u00eddlen\u00ed najdeme des\u00edtky odkaz\u016f. Sevilla je srdcem Andalusie a nejen proto, \u017ee je na jihu, o\u010dek\u00e1vejte, \u017ee jde o skute\u010dn\u011b pulzuj\u00edc\u00ed metropoli, kter\u00e1 se nezastav\u00ed ani s pozdn\u00edm soumrakem. Muslimov\u00e9 tu vl\u00e1dli po osm stolet\u00ed a nap\u0159\u00edklad dne\u0161n\u00ed katedr\u00e1la, poch\u00e1zej\u00edc\u00ed z dob gotiky a nesouc\u00ed ve sv\u00e9 dob\u011b i prvenstv\u00ed na Star\u00e9m kontinentu, vyrostla na m\u00edst\u011b, kde st\u00e1vala n\u011bkdej\u0161\u00ed me\u0161ita. Pokud se chcete pokochat pohledem na jednu z opravdu vysok\u00fdch staveb, nesm\u00ed v\u00e1m uniknout Giralda \u2013 dnes zvonice katedr\u00e1ly, d\u0159\u00edve minaret me\u0161ity a symbol Sevilly, kter\u00fd se hrd\u011b pne prakticky a\u017e do stometrov\u00e9 v\u00fd\u0161e.  Zahle\u010fme se ale i na dal\u0161\u00ed lokalitu, kter\u00e1 za\u017eila staletou muslimskou nadvl\u00e1du, jakou je nap\u0159\u00edklad pr\u00e1v\u011b C\u00f3rdoba. V\u017edy\u0165 p\u0159eci byla centrem moci t\u011bchto dobyvatel\u016f a zdej\u0161\u00ed chal\u00edfa se stal sv\u00e9ho \u010dasu neomezen\u00fdm vl\u00e1dcem regionu, dokonce byl p\u0159itom zcela nez\u00e1visl\u00fdm na Orientu. Mezquita aneb me\u0161ita o jeden\u00e1cti lod\u00edch a jej\u00ed typick\u00e9 okoln\u00ed uli\u010dky, kter\u00e9 p\u0159ipomenou st\u0159edov\u011bk, kdy C\u00f3rdoba skute\u010dn\u011b rozkvetla, to je zdej\u0161\u00ed nejzaj\u00edmav\u011bj\u0161\u00ed lokace. Nav\u0161tivme ale i p\u0159\u00edstav C\u00e1diz, kter\u00fd je na ji\u017en\u00edm c\u00edpu Pyrenejsk\u00e9ho poloostrova. P\u016fvodn\u00ed f\u00e9nick\u00fd p\u0159\u00edstav za\u017eil nejv\u011bt\u0161\u00ed sl\u00e1vu a\u017e n\u011bjakou dobu po objeven\u00ed Ameriky. Aby tak\u00e9 ne, kdy\u017e do n\u011bj proudilo tolik zlata!                                                                                                                                                                                                                                                                                                                                                                                          4\/5 - (10 votes)        "},{"@context":"https:\/\/schema.org\/","@type":"BreadcrumbList","itemListElement":[{"@type":"ListItem","position":1,"name":"Dovolen\u00e1 v r\u00e1mci \u0160pan\u011blska znamen\u00e1 objevov\u00e1n\u00ed maursk\u00e9 n\u00e1dhery","item":"https:\/\/www.artcat.cz\/dovolena-v-ramci-spanelska-znamena-objevovani-maurske-nadhery\/#breadcrumbitem"}]}]