[{"@context":"https:\/\/schema.org\/","@type":"Blog","@id":"https:\/\/www.artcat.cz#Blog","headline":"Artcat","description":"\nD\u00e1t v\u011bd\u011bt va\u0161im z\u00e1kazn\u00edk\u016fm o produktech a slu\u017eb\u00e1ch efektivn\u00edm zp\u016fsobem lze i \u010dtiv\u00fdmi PR \u010dl\u00e1nky. O prostor pro publikaci se efektivn\u011b postar\u00e1 n\u00e1\u0161 web.","url":"https:\/\/www.artcat.cz","hasPart":[{"@type":"Article","@id":"https:\/\/www.artcat.cz\/zvolte-nebankovni-hypoteku\/","headline":"Zvolte nebankovn\u00ed hypot\u00e9ku","url":"https:\/\/www.artcat.cz\/zvolte-nebankovni-hypoteku\/","datePublished":"2019-03-02","dateModified":"2023-05-01","mainEntityOfPage":"https:\/\/www.artcat.cz\/zvolte-nebankovni-hypoteku\/","author":{"@type":"Person","@id":"https:\/\/www.artcat.cz\/author\/#Person","name":"artcat.cz\n","url":"https:\/\/www.artcat.cz\/author\/","identifier":1,"image":{"@type":"ImageObject","@id":"https:\/\/secure.gravatar.com\/avatar\/633c8fb9866a4b0403353760c35030d9478298d226363320d7bf91cdc3dbe3b6?s=96&d=mm&r=g","url":"https:\/\/secure.gravatar.com\/avatar\/633c8fb9866a4b0403353760c35030d9478298d226363320d7bf91cdc3dbe3b6?s=96&d=mm&r=g","height":96,"width":96}},"publisher":{"@type":"Organization","name":"artcat.cz","logo":{"@type":"ImageObject","@id":"\/logo.png","url":"\/logo.png","width":600,"height":60}},"image":{"@type":"ImageObject","@id":"https:\/\/www.artcat.cz\/wp-content\/uploads\/img_a340327_w2149_t1553265364.jpg","url":"https:\/\/www.artcat.cz\/wp-content\/uploads\/img_a340327_w2149_t1553265364.jpg","height":0,"width":0},"wordCount":4543,"keywords":null},{"@type":"Article","@id":"https:\/\/www.artcat.cz\/zubni-ordinace-liberec\/","headline":"Zubn\u00ed ordinace Liberec","url":"https:\/\/www.artcat.cz\/zubni-ordinace-liberec\/","datePublished":"2019-02-15","dateModified":"2023-06-09","mainEntityOfPage":"https:\/\/www.artcat.cz\/zubni-ordinace-liberec\/","author":{"@type":"Person","@id":"https:\/\/www.artcat.cz\/author\/#Person","name":"artcat.cz\n","url":"https:\/\/www.artcat.cz\/author\/","identifier":1,"image":{"@type":"ImageObject","@id":"https:\/\/secure.gravatar.com\/avatar\/633c8fb9866a4b0403353760c35030d9478298d226363320d7bf91cdc3dbe3b6?s=96&d=mm&r=g","url":"https:\/\/secure.gravatar.com\/avatar\/633c8fb9866a4b0403353760c35030d9478298d226363320d7bf91cdc3dbe3b6?s=96&d=mm&r=g","height":96,"width":96}},"publisher":{"@type":"Organization","name":"artcat.cz","logo":{"@type":"ImageObject","@id":"\/logo.png","url":"\/logo.png","width":600,"height":60}},"image":{"@type":"ImageObject","@id":"https:\/\/www.artcat.cz\/wp-content\/uploads\/img_a337804_w1743_t1550750987.jpg","url":"https:\/\/www.artcat.cz\/wp-content\/uploads\/img_a337804_w1743_t1550750987.jpg","height":0,"width":0},"wordCount":548,"keywords":null},{"@type":"Article","@id":"https:\/\/www.artcat.cz\/odskodneni-po-dopravni-nehode\/","headline":"Od\u0161kodn\u011bn\u00ed po dopravn\u00ed nehod\u011b","url":"https:\/\/www.artcat.cz\/odskodneni-po-dopravni-nehode\/","datePublished":"2019-01-11","dateModified":"2023-09-18","mainEntityOfPage":"https:\/\/www.artcat.cz\/odskodneni-po-dopravni-nehode\/","author":{"@type":"Person","@id":"https:\/\/www.artcat.cz\/author\/#Person","name":"artcat.cz\n","url":"https:\/\/www.artcat.cz\/author\/","identifier":1,"image":{"@type":"ImageObject","@id":"https:\/\/secure.gravatar.com\/avatar\/633c8fb9866a4b0403353760c35030d9478298d226363320d7bf91cdc3dbe3b6?s=96&d=mm&r=g","url":"https:\/\/secure.gravatar.com\/avatar\/633c8fb9866a4b0403353760c35030d9478298d226363320d7bf91cdc3dbe3b6?s=96&d=mm&r=g","height":96,"width":96}},"publisher":{"@type":"Organization","name":"artcat.cz","logo":{"@type":"ImageObject","@id":"\/logo.png","url":"\/logo.png","width":600,"height":60}},"image":{"@type":"ImageObject","@id":"https:\/\/www.artcat.cz\/wp-content\/uploads\/img_a335638_w1713_t1548848283.png","url":"https:\/\/www.artcat.cz\/wp-content\/uploads\/img_a335638_w1713_t1548848283.png","height":0,"width":0},"wordCount":604,"keywords":null},{"@type":"Article","@id":"https:\/\/www.artcat.cz\/priklady-z-rad-podnikatelu\/","headline":"P\u0159\u00edklady z \u0159ad podnikatel\u016f","url":"https:\/\/www.artcat.cz\/priklady-z-rad-podnikatelu\/","datePublished":"2019-01-02","dateModified":"2023-05-01","mainEntityOfPage":"https:\/\/www.artcat.cz\/priklady-z-rad-podnikatelu\/","author":{"@type":"Person","@id":"https:\/\/www.artcat.cz\/author\/#Person","name":"artcat.cz\n","url":"https:\/\/www.artcat.cz\/author\/","identifier":1,"image":{"@type":"ImageObject","@id":"https:\/\/secure.gravatar.com\/avatar\/633c8fb9866a4b0403353760c35030d9478298d226363320d7bf91cdc3dbe3b6?s=96&d=mm&r=g","url":"https:\/\/secure.gravatar.com\/avatar\/633c8fb9866a4b0403353760c35030d9478298d226363320d7bf91cdc3dbe3b6?s=96&d=mm&r=g","height":96,"width":96}},"publisher":{"@type":"Organization","name":"artcat.cz","logo":{"@type":"ImageObject","@id":"\/logo.png","url":"\/logo.png","width":600,"height":60}},"image":{"@type":"ImageObject","@id":"https:\/\/www.artcat.cz\/wp-content\/uploads\/img_a334841_w2149_t1548353917.png","url":"https:\/\/www.artcat.cz\/wp-content\/uploads\/img_a334841_w2149_t1548353917.png","height":0,"width":0},"wordCount":675,"keywords":null},{"@type":"Article","@id":"https:\/\/www.artcat.cz\/pece-bez-ktere-by-to-neslo\/","headline":"P\u00e9\u010de, bez kter\u00e9 by to ne\u0161lo","url":"https:\/\/www.artcat.cz\/pece-bez-ktere-by-to-neslo\/","datePublished":"2018-11-23","dateModified":"2018-11-23","mainEntityOfPage":"https:\/\/www.artcat.cz\/pece-bez-ktere-by-to-neslo\/","author":{"@type":"Person","@id":"https:\/\/www.artcat.cz\/author\/#Person","name":"artcat.cz\n","url":"https:\/\/www.artcat.cz\/author\/","identifier":1,"image":{"@type":"ImageObject","@id":"https:\/\/secure.gravatar.com\/avatar\/633c8fb9866a4b0403353760c35030d9478298d226363320d7bf91cdc3dbe3b6?s=96&d=mm&r=g","url":"https:\/\/secure.gravatar.com\/avatar\/633c8fb9866a4b0403353760c35030d9478298d226363320d7bf91cdc3dbe3b6?s=96&d=mm&r=g","height":96,"width":96}},"publisher":{"@type":"Organization","name":"artcat.cz","logo":{"@type":"ImageObject","@id":"\/logo.png","url":"\/logo.png","width":600,"height":60}},"image":{"@type":"ImageObject","@id":"https:\/\/www.artcat.cz\/wp-content\/uploads\/img_a331708_w1712_t1544275980.jpg","url":"https:\/\/www.artcat.cz\/wp-content\/uploads\/img_a331708_w1712_t1544275980.jpg","height":0,"width":0},"wordCount":4505,"keywords":null},{"@type":"Article","@id":"https:\/\/www.artcat.cz\/meizitang\/","headline":"Meizitang","url":"https:\/\/www.artcat.cz\/meizitang\/","datePublished":"2018-11-05","dateModified":"2023-06-05","mainEntityOfPage":"https:\/\/www.artcat.cz\/meizitang\/","author":{"@type":"Person","@id":"https:\/\/www.artcat.cz\/author\/#Person","name":"artcat.cz\n","url":"https:\/\/www.artcat.cz\/author\/","identifier":1,"image":{"@type":"ImageObject","@id":"https:\/\/secure.gravatar.com\/avatar\/633c8fb9866a4b0403353760c35030d9478298d226363320d7bf91cdc3dbe3b6?s=96&d=mm&r=g","url":"https:\/\/secure.gravatar.com\/avatar\/633c8fb9866a4b0403353760c35030d9478298d226363320d7bf91cdc3dbe3b6?s=96&d=mm&r=g","height":96,"width":96}},"publisher":{"@type":"Organization","name":"artcat.cz","logo":{"@type":"ImageObject","@id":"\/logo.png","url":"\/logo.png","width":600,"height":60}},"image":{"@type":"ImageObject","@id":"https:\/\/www.artcat.cz\/wp-content\/uploads\/img_a333319_w1705_t1546697848.jpg","url":"https:\/\/www.artcat.cz\/wp-content\/uploads\/img_a333319_w1705_t1546697848.jpg","height":0,"width":0},"wordCount":553,"keywords":null},{"@type":"Article","@id":"https:\/\/www.artcat.cz\/glandula-thyroidea\/","headline":"Glandula thyroidea","url":"https:\/\/www.artcat.cz\/glandula-thyroidea\/","datePublished":"2018-09-16","dateModified":"2023-05-01","mainEntityOfPage":"https:\/\/www.artcat.cz\/glandula-thyroidea\/","author":{"@type":"Person","@id":"https:\/\/www.artcat.cz\/author\/#Person","name":"artcat.cz\n","url":"https:\/\/www.artcat.cz\/author\/","identifier":1,"image":{"@type":"ImageObject","@id":"https:\/\/secure.gravatar.com\/avatar\/633c8fb9866a4b0403353760c35030d9478298d226363320d7bf91cdc3dbe3b6?s=96&d=mm&r=g","url":"https:\/\/secure.gravatar.com\/avatar\/633c8fb9866a4b0403353760c35030d9478298d226363320d7bf91cdc3dbe3b6?s=96&d=mm&r=g","height":96,"width":96}},"publisher":{"@type":"Organization","name":"artcat.cz","logo":{"@type":"ImageObject","@id":"\/logo.png","url":"\/logo.png","width":600,"height":60}},"image":{"@type":"ImageObject","@id":"https:\/\/www.artcat.cz\/wp-content\/uploads\/img_a324668_w2149_t1536568758.jpg","url":"https:\/\/www.artcat.cz\/wp-content\/uploads\/img_a324668_w2149_t1536568758.jpg","height":0,"width":0},"wordCount":501,"keywords":null},{"@type":"Article","@id":"https:\/\/www.artcat.cz\/multi-tablety-5v1\/","headline":"Multi tablety 5v1","url":"https:\/\/www.artcat.cz\/multi-tablety-5v1\/","datePublished":"2018-08-16","dateModified":"2023-05-01","mainEntityOfPage":"https:\/\/www.artcat.cz\/multi-tablety-5v1\/","author":{"@type":"Person","@id":"https:\/\/www.artcat.cz\/author\/#Person","name":"artcat.cz\n","url":"https:\/\/www.artcat.cz\/author\/","identifier":1,"image":{"@type":"ImageObject","@id":"https:\/\/secure.gravatar.com\/avatar\/633c8fb9866a4b0403353760c35030d9478298d226363320d7bf91cdc3dbe3b6?s=96&d=mm&r=g","url":"https:\/\/secure.gravatar.com\/avatar\/633c8fb9866a4b0403353760c35030d9478298d226363320d7bf91cdc3dbe3b6?s=96&d=mm&r=g","height":96,"width":96}},"publisher":{"@type":"Organization","name":"artcat.cz","logo":{"@type":"ImageObject","@id":"\/logo.png","url":"\/logo.png","width":600,"height":60}},"image":{"@type":"ImageObject","@id":"https:\/\/www.artcat.cz\/wp-content\/uploads\/img_a324730_w2149_t1536655749.jpg","url":"https:\/\/www.artcat.cz\/wp-content\/uploads\/img_a324730_w2149_t1536655749.jpg","height":0,"width":0},"wordCount":592,"keywords":null},{"@type":"Article","@id":"https:\/\/www.artcat.cz\/par-letnich-tipu-jak-zrychlit-metabolismus\/","headline":"P\u00e1r letn\u00edch tip\u016f jak zrychlit metabolismus","url":"https:\/\/www.artcat.cz\/par-letnich-tipu-jak-zrychlit-metabolismus\/","datePublished":"2018-08-08","dateModified":"2023-05-01","mainEntityOfPage":"https:\/\/www.artcat.cz\/par-letnich-tipu-jak-zrychlit-metabolismus\/","author":{"@type":"Person","@id":"https:\/\/www.artcat.cz\/author\/#Person","name":"artcat.cz\n","url":"https:\/\/www.artcat.cz\/author\/","identifier":1,"image":{"@type":"ImageObject","@id":"https:\/\/secure.gravatar.com\/avatar\/633c8fb9866a4b0403353760c35030d9478298d226363320d7bf91cdc3dbe3b6?s=96&d=mm&r=g","url":"https:\/\/secure.gravatar.com\/avatar\/633c8fb9866a4b0403353760c35030d9478298d226363320d7bf91cdc3dbe3b6?s=96&d=mm&r=g","height":96,"width":96}},"publisher":{"@type":"Organization","name":"artcat.cz","logo":{"@type":"ImageObject","@id":"\/logo.png","url":"\/logo.png","width":600,"height":60}},"image":{"@type":"ImageObject","@id":"https:\/\/www.artcat.cz\/wp-content\/uploads\/img_a322387_w2149_t1533981734.jpg","url":"https:\/\/www.artcat.cz\/wp-content\/uploads\/img_a322387_w2149_t1533981734.jpg","height":0,"width":0},"wordCount":490,"keywords":null},{"@type":"Article","@id":"https:\/\/www.artcat.cz\/pradlo-do-kazdeho-pocasi\/","headline":"Pr\u00e1dlo do ka\u017ed\u00e9ho po\u010das\u00ed","url":"https:\/\/www.artcat.cz\/pradlo-do-kazdeho-pocasi\/","datePublished":"2018-07-24","dateModified":"2023-05-01","mainEntityOfPage":"https:\/\/www.artcat.cz\/pradlo-do-kazdeho-pocasi\/","author":{"@type":"Person","@id":"https:\/\/www.artcat.cz\/author\/#Person","name":"artcat.cz\n","url":"https:\/\/www.artcat.cz\/author\/","identifier":1,"image":{"@type":"ImageObject","@id":"https:\/\/secure.gravatar.com\/avatar\/633c8fb9866a4b0403353760c35030d9478298d226363320d7bf91cdc3dbe3b6?s=96&d=mm&r=g","url":"https:\/\/secure.gravatar.com\/avatar\/633c8fb9866a4b0403353760c35030d9478298d226363320d7bf91cdc3dbe3b6?s=96&d=mm&r=g","height":96,"width":96}},"publisher":{"@type":"Organization","name":"artcat.cz","logo":{"@type":"ImageObject","@id":"\/logo.png","url":"\/logo.png","width":600,"height":60}},"image":{"@type":"ImageObject","@id":"https:\/\/www.artcat.cz\/wp-content\/uploads\/img_a320722_w2149_t1532014884.jpg","url":"https:\/\/www.artcat.cz\/wp-content\/uploads\/img_a320722_w2149_t1532014884.jpg","height":0,"width":0},"wordCount":559,"keywords":null}]},{"@context":"https:\/\/schema.org","@type":"WebSite","@id":"https:\/\/www.artcat.cz\/#website","name":"Artcat","url":"https:\/\/www.artcat.cz","potentialAction":{"@type":"SearchAction","target":"https:\/\/www.artcat.cz\/?s={search_term_string}","query-input":"required name=search_term_string"}}]