[{"@context":"https:\/\/schema.org\/","@type":"Article","@id":"https:\/\/www.artcat.cz\/pradlo-do-kazdeho-pocasi\/#Article","mainEntityOfPage":"https:\/\/www.artcat.cz\/pradlo-do-kazdeho-pocasi\/","headline":"Pr\u00e1dlo do ka\u017ed\u00e9ho po\u010das\u00ed","name":"Pr\u00e1dlo do ka\u017ed\u00e9ho po\u010das\u00ed","description":"Od modern\u00edho sportovn\u00edho oble\u010den\u00ed jeho majitel vy\u017eaduje mnoho r\u016fzn\u00fdch funkc\u00ed. Nikdo dnes u\u017e nechce jen neforemn\u00e9 tepl\u00e1ky a tri\u010dko, kter\u00e9 bylo b\u011bhem chv\u00edle mokr\u00e9. Dne\u0161n\u00edm trendem je termopr\u00e1dlo. Oble\u010den\u00ed Craft je vyrobeno na principu t\u0159ech na sebe navazuj\u00edc\u00edch vrstev. o Takto \u0159e\u0161en\u00fd od\u011bv chr\u00e1n\u00ed organismus p\u0159ed nep\u0159\u00edzn\u00ed po\u010das\u00ed za ka\u017ed\u00e9 situace. o Co\u017e znamen\u00e1, \u017ee [&hellip;]","datePublished":"2018-07-24","dateModified":"2023-05-01","author":{"@type":"Person","@id":"https:\/\/www.artcat.cz\/author\/#Person","name":"artcat.cz\n","url":"https:\/\/www.artcat.cz\/author\/","identifier":1,"image":{"@type":"ImageObject","@id":"https:\/\/secure.gravatar.com\/avatar\/633c8fb9866a4b0403353760c35030d9478298d226363320d7bf91cdc3dbe3b6?s=96&d=mm&r=g","url":"https:\/\/secure.gravatar.com\/avatar\/633c8fb9866a4b0403353760c35030d9478298d226363320d7bf91cdc3dbe3b6?s=96&d=mm&r=g","height":96,"width":96}},"publisher":{"@type":"Organization","name":"artcat.cz","logo":{"@type":"ImageObject","@id":"\/logo.png","url":"\/logo.png","width":600,"height":60}},"image":{"@type":"ImageObject","@id":"https:\/\/www.artcat.cz\/wp-content\/uploads\/img_a320722_w2149_t1532014884.jpg","url":"https:\/\/www.artcat.cz\/wp-content\/uploads\/img_a320722_w2149_t1532014884.jpg","height":0,"width":0},"url":"https:\/\/www.artcat.cz\/pradlo-do-kazdeho-pocasi\/","about":["V\u00fdrobky"],"wordCount":409,"articleBody":"         Od modern\u00edho sportovn\u00edho oble\u010den\u00ed jeho majitel vy\u017eaduje mnoho r\u016fzn\u00fdch funkc\u00ed. Nikdo dnes u\u017e nechce jen neforemn\u00e9 tepl\u00e1ky a tri\u010dko, kter\u00e9 bylo b\u011bhem chv\u00edle mokr\u00e9. Dne\u0161n\u00edm trendem je termopr\u00e1dlo. Oble\u010den\u00ed Craft je vyrobeno na principu t\u0159ech na sebe navazuj\u00edc\u00edch vrstev.  o Takto \u0159e\u0161en\u00fd od\u011bv chr\u00e1n\u00ed organismus p\u0159ed nep\u0159\u00edzn\u00ed po\u010das\u00ed za ka\u017ed\u00e9 situace. o Co\u017e znamen\u00e1, \u017ee se na n\u011bj m\u016f\u017eete spolehnout i v n\u00e1ro\u010dn\u00fdch klimatick\u00fdch podm\u00ednk\u00e1ch p\u0159i vysok\u00e9 z\u00e1t\u011b\u017ei. Kolekce t\u00e9to zna\u010dky obsahuje p\u0159edev\u0161\u00edm nab\u00eddku termopr\u00e1dla, druh\u00e9 vrstvy a kompletn\u00ed sady pro b\u011b\u017eeck\u00e9 ly\u017eov\u00e1n\u00ed, b\u011bh i cyklistiku. Jednodu\u0161e \u0159e\u010deno \u2013 sporty, p\u0159i kter\u00fdch je jejich provozovatel i jeho oble\u010den\u00ed v\u00fdznamn\u011b nam\u00e1h\u00e1no. Toto pr\u00e1dlo nen\u00ed ur\u010deno jen pro vrchov\u00e9 sportovce, kter\u00fdm umo\u017e\u0148uje co nejvy\u0161\u0161\u00ed v\u00fdkony, ale tak\u00e9 sportovc\u016fm amat\u00e9r\u016fm, pro kter\u00e9 je pohyb kon\u00ed\u010dkem. \u00b7 T\u0159\u00edvrstv\u00e9 pr\u00e1dlo je vhodn\u00e9 nejen do ter\u00e9nu, ale tak\u00e9 do t\u011blocvi\u010dny. \u00b7 Pohodl\u00ed a komfort je p\u0159eci d\u016fle\u017eit\u00fd v\u0161ude, bez ohledu na prostory, ve kter\u00fdch se vykon\u00e1v\u00e1.   Vyberou si v\u0161echny v\u011bkov\u00e9 skupiny Rozhodn\u011b se nemus\u00edte ob\u00e1vat uniformity a ani toho, \u017ee by musely v\u0161echny generace nosit to sam\u00e9. Proto\u017ee v tom p\u0159\u00edpad\u011b by v\u017edy n\u011bkdo ze skupiny vypadal p\u0159inejmen\u0161\u00edm podivn\u011b. I termopr\u00e1dlo na sport m\u016f\u017eete p\u0159izp\u016fsobit sv\u00e9mu v\u011bku. A aby bylo rozhodov\u00e1n\u00ed snaz\u0161\u00ed, p\u0159ich\u00e1z\u00ed v\u00fdrobce s kolekc\u00ed, kter\u00e1 je ur\u010dena pro kategorii junior\u016f. Design je p\u0159eci tak\u00e9 velice d\u016fle\u017eit\u00fd. \u00b7 Nechceme vypadat dob\u0159e pouze p\u0159i spole\u010densk\u00fdch ud\u00e1lostech, ale cel\u00fdch \u010dty\u0159iadvacet hodin. Luxus nemus\u00ed v\u017edy znamenat, \u017ee mus\u00edme s\u00e1hnout hloub\u011bji do kapsy. Luxus si m\u016f\u017ee dop\u0159\u00e1t ka\u017ed\u00fd z n\u00e1s. Pro n\u00e1ro\u010dn\u00e9 ly\u017ea\u0159e, zimn\u00ed turisty nebo ryb\u00e1\u0159e je ur\u010deno speci\u00e1ln\u011b upraven\u00e9 tepl\u00e9 spodn\u00ed oble\u010den\u00ed s vysok\u00fdm obsahem ov\u010d\u00ed vlny. Je vhodn\u00e9 do velmi chladn\u00e9ho po\u010das\u00ed, proto ho vyu\u017e\u00edvaj\u00ed nap\u0159\u00edklad i myslivci, kte\u0159\u00ed se p\u0159i sv\u00e9 pr\u00e1ci pohybuj\u00ed v\u011bt\u0161inu dne venku.                                                                                                                                                                                                                                                                                                                                                                                          5\/5 - (1 vote)        "},{"@context":"https:\/\/schema.org\/","@type":"BreadcrumbList","itemListElement":[{"@type":"ListItem","position":1,"name":"Pr\u00e1dlo do ka\u017ed\u00e9ho po\u010das\u00ed","item":"https:\/\/www.artcat.cz\/pradlo-do-kazdeho-pocasi\/#breadcrumbitem"}]}]