[{"@context":"https:\/\/schema.org\/","@type":"Article","@id":"https:\/\/www.artcat.cz\/svetlo-a-jeho-poslani-i-vliv-na-cloveka\/#Article","mainEntityOfPage":"https:\/\/www.artcat.cz\/svetlo-a-jeho-poslani-i-vliv-na-cloveka\/","headline":"Sv\u011btlo a jeho posl\u00e1n\u00ed i vliv na \u010dlov\u011bka","name":"Sv\u011btlo a jeho posl\u00e1n\u00ed i vliv na \u010dlov\u011bka","description":"V r\u00e1mci n\u00e1vrhu adekv\u00e1tn\u00edho osv\u011btlen\u00ed a to jak um\u011bl\u00e9ho, denn\u00edho \u010di sdru\u017een\u00e9ho se v\u0161e koncentruje na jedin\u00fd bod, kter\u00fdm je vytvo\u0159en\u00ed podm\u00ednek pro u\u017eivatele ob\u00fdvaj\u00edc\u00ed dan\u00fd prostor. Av\u0161ak zcela je opom\u00edjen fakt, \u017ee ka\u017ed\u00fd druh sv\u011btla m\u00e1 podstatn\u00fd vliv na \u010dlov\u011bka a jeho t\u011blesnou i psychickou str\u00e1nku. V\u0161e m\u00e1 tak i \u00fa\u010dinek na zdravotn\u00ed stav [&hellip;]","datePublished":"2025-02-27","dateModified":"2023-05-01","author":{"@type":"Person","@id":"https:\/\/www.artcat.cz\/author\/#Person","name":"artcat.cz\n","url":"https:\/\/www.artcat.cz\/author\/","identifier":1,"image":{"@type":"ImageObject","@id":"https:\/\/secure.gravatar.com\/avatar\/633c8fb9866a4b0403353760c35030d9478298d226363320d7bf91cdc3dbe3b6?s=96&d=mm&r=g","url":"https:\/\/secure.gravatar.com\/avatar\/633c8fb9866a4b0403353760c35030d9478298d226363320d7bf91cdc3dbe3b6?s=96&d=mm&r=g","height":96,"width":96}},"publisher":{"@type":"Organization","name":"artcat.cz","logo":{"@type":"ImageObject","@id":"\/logo.png","url":"\/logo.png","width":600,"height":60}},"image":{"@type":"ImageObject","@id":"https:\/\/www.artcat.cz\/wp-content\/uploads\/img_a306115_w2149_t1517341678.jpg","url":"https:\/\/www.artcat.cz\/wp-content\/uploads\/img_a306115_w2149_t1517341678.jpg","height":0,"width":0},"url":"https:\/\/www.artcat.cz\/svetlo-a-jeho-poslani-i-vliv-na-cloveka\/","about":["V\u00fdrobky"],"wordCount":611,"articleBody":" V r\u00e1mci n\u00e1vrhu adekv\u00e1tn\u00edho osv\u011btlen\u00ed a to jak um\u011bl\u00e9ho, denn\u00edho \u010di sdru\u017een\u00e9ho se v\u0161e koncentruje na jedin\u00fd bod, kter\u00fdm je vytvo\u0159en\u00ed podm\u00ednek pro u\u017eivatele ob\u00fdvaj\u00edc\u00ed dan\u00fd prostor. Av\u0161ak zcela je opom\u00edjen fakt, \u017ee ka\u017ed\u00fd druh sv\u011btla m\u00e1 podstatn\u00fd vliv na \u010dlov\u011bka a jeho t\u011blesnou i psychickou str\u00e1nku. V\u0161e m\u00e1 tak i \u00fa\u010dinek na zdravotn\u00ed stav jedince.  Nutno zd\u016fraznit, \u017ee v\u0161echny druhy sv\u011btla a ve\u0161ker\u00e9 osv\u011btlen\u00ed m\u00e1 \u00fa\u010dinek na \u010dlov\u011bka a v\u0161echny \u017eiv\u00e9 organismy. Nesoulad neboli rozpor mezi osv\u011btlen\u00edm a funkc\u00ed lidsk\u00e9ho organismu m\u016f\u017ee zp\u016fsobit zdravotn\u00ed probl\u00e9my. D\u016fle\u017eit\u00e9 je rovn\u011b\u017e v\u011bd\u011bt, \u017ee v r\u00e1mci adekv\u00e1tn\u00edho \u0159e\u0161en\u00ed se nab\u00edz\u00ed hned n\u011bkolik mo\u017enost\u00ed ohledn\u011b osv\u011btlen\u00ed  L\u00e9\u010dba za pomoci sv\u011btla Nedostatek sv\u011btla m\u00e1 velmi negativn\u00ed dopad na ka\u017ed\u00e9ho jedince. Mezi efektivn\u00ed \u0159e\u0161en\u00ed v r\u00e1mci \u00fa\u010dinku osv\u011btlen\u00ed na \u010dlov\u011bka je i re\u00e1ln\u00e9 l\u00e9\u010den\u00ed n\u011bkter\u00fdch chorob. Po dlouhou dobu je vyu\u017e\u00edv\u00e1na metoda l\u00e9\u010dby sv\u011btlem u novorozenc\u016f. Neust\u00e1le se vyv\u00edj\u00ed nov\u00e9 metody a l\u00e9\u010debn\u00e9 zp\u016fsoby zalo\u017een\u00e9 na fotodynamick\u00e9 terapii. Vyu\u017eit\u00ed sv\u011btla je i v r\u00e1mci diagnostiky zhoubn\u00e9ho bujen\u00ed, kter\u00e9 je zalo\u017eeno na ojedin\u011bl\u00e9m druhu spektroskopie pomoc\u00ed laseru. V r\u00e1mci t\u00e9to metody je re\u00e1ln\u00e9 oz\u00e1\u0159en\u00ed odebran\u00e9ho vzorku lidsk\u00e9 tk\u00e1n\u011b i \u017eiv\u00e1 tk\u00e1\u0148 pacienta. T\u00edm tak lze velmi rychle rozpoznat norm\u00e1ln\u00ed zdravou tk\u00e1\u0148 od t\u00e9 nemocn\u00e9, tj. napadnut\u00e9 zhoubn\u00fdm bujen\u00edm. Velmi efektivn\u00ed pro zah\u00e1jen\u00ed v\u010dasn\u00e9 l\u00e9\u010dby. Sv\u011btlo coby nepostradateln\u00fd atribut Za nadm\u011brnou \u00fanavu, ospalost, poruchu koncentrace \u010di zrakov\u00e9 pot\u00ed\u017ee m\u016f\u017ee nedostatek kvalitn\u00edho osv\u011btlen\u00ed. \u0158e\u0161en\u00ed se nab\u00edz\u00ed v podob\u011b v\u00fdm\u011bny b\u011b\u017en\u00e9ho sv\u011bteln\u00e9ho zdroje. Rovn\u011b\u017e lidsk\u00e9 t\u011blo se b\u011bhem evoluce n\u00e1le\u017eit\u011b adaptovalo ka\u017edodenn\u00edmu p\u016fsoben\u00ed slune\u010dn\u00edho z\u00e1\u0159en\u00ed, kter\u00e9 m\u00e1 tak vliv na mnoho fyziologick\u00fdch proces\u016f v lidsk\u00e9m t\u011ble. Av\u0161ak v interi\u00e9ru je v\u0161e nahrazeno \u017e\u00e1rovkami a z\u00e1\u0159ivkami.  Slunce jako ide\u00e1ln\u00ed zdroj sv\u011btla Bylo tomu ji\u017e v osmdes\u00e1t\u00fdch letech, kdy doktor Fritz Hollwich prok\u00e1zal, \u017ee lid\u00e9 tr\u00e1vic\u00ed p\u0159ev\u00e1\u017enou \u010d\u00e1st pracovn\u00edho dne pod vlivem z\u00e1\u0159ivkov\u00e9ho osv\u011btlen\u00ed, maj\u00ed v organismu zv\u00fd\u0161enou hladinu stresov\u00e9ho hormonu ACTH a kortizolu. Co\u017e m\u016f\u017ee v\u00e9st velmi negativn\u011b na psychickou str\u00e1nku jedince, ale i celkovou vitalitu. V\u011bdci z tohoto d\u016fvodu vyvinuli snahu o vytvo\u0159en\u00ed um\u011bl\u00e9ho sv\u011btla, kter\u00e9 bude nejv\u00edce podobn\u00e9 slune\u010dn\u00edmu svitu. Je zn\u00e1mo, \u017ee denn\u00ed sv\u011btlo v sob\u011b ukr\u00fdv\u00e1 sedm barev duhy a t\u00edm i tak efektivn\u011b prosp\u00edv\u00e1 lidsk\u00e9mu zdrav\u00ed. Um\u011bl\u00e9 osv\u011btlen\u00ed je tak pro \u010dlov\u011bka hor\u0161\u00ed ne\u017e slunce. Ve\u0159ejnosti je zn\u00e1mo i o studii provedenou pod dohledem doktora Johna Otta a srovn\u00e1n\u00ed d\u011bt\u00ed ve \u0161koln\u00edch u\u010debn\u00e1ch s b\u011b\u017en\u00fdm a plnospektr\u00e1ln\u00edm osv\u011btlen\u00edm. Bylo zji\u0161t\u011bno, \u017ee \u017e\u00e1ci ze t\u0159\u00edd s plnospektr\u00e1ln\u00edm sv\u011btlem vykazovali po m\u011bs\u00edci viditeln\u00e9 pozitivn\u00ed v\u00fdsledky v r\u00e1mci chov\u00e1n\u00ed. Rovn\u011b\u017e byl zaznamen\u00e1n pozitivn\u00ed vliv na schopnost koncentrace, lep\u0161\u00ed n\u00e1ladu a rovn\u011b\u017e do\u0161lo k regulaci podr\u00e1\u017ed\u011bnosti a \u00fanavy \u010di vy\u010derp\u00e1n\u00ed.                                                                                                                                                                                                                                                                                                                                                                                        4.8\/5 - (14 votes)        "},{"@context":"https:\/\/schema.org\/","@type":"BreadcrumbList","itemListElement":[{"@type":"ListItem","position":1,"name":"Sv\u011btlo a jeho posl\u00e1n\u00ed i vliv na \u010dlov\u011bka","item":"https:\/\/www.artcat.cz\/svetlo-a-jeho-poslani-i-vliv-na-cloveka\/#breadcrumbitem"}]}]