{"@context":"https:\/\/schema.org\/","@type":"CollectionPage","@id":"https:\/\/www.artcat.cz\/vyrobky\/#CollectionPage","headline":"V\u00fdrobky Category","description":"","url":"https:\/\/www.artcat.cz\/vyrobky\/","hasPart":[{"@type":"Article","@id":"https:\/\/www.artcat.cz\/kava-na-espresso-jaky-druh-a-prazeni-zajisti-dokonaly-salek\/","headline":"K\u00e1va na espresso: Jak\u00fd druh a pra\u017een\u00ed zajist\u00ed dokonal\u00fd \u0161\u00e1lek?","url":"https:\/\/www.artcat.cz\/kava-na-espresso-jaky-druh-a-prazeni-zajisti-dokonaly-salek\/","datePublished":"2025-05-19","dateModified":"2025-05-19","mainEntityOfPage":"https:\/\/www.artcat.cz\/kava-na-espresso-jaky-druh-a-prazeni-zajisti-dokonaly-salek\/","author":{"@type":"Person","@id":"https:\/\/www.artcat.cz\/author\/#Person","name":"artcat.cz\n","url":"https:\/\/www.artcat.cz\/author\/","identifier":1,"image":{"@type":"ImageObject","@id":"https:\/\/secure.gravatar.com\/avatar\/633c8fb9866a4b0403353760c35030d9478298d226363320d7bf91cdc3dbe3b6?s=96&d=mm&r=g","url":"https:\/\/secure.gravatar.com\/avatar\/633c8fb9866a4b0403353760c35030d9478298d226363320d7bf91cdc3dbe3b6?s=96&d=mm&r=g","height":96,"width":96}},"publisher":{"@type":"Organization","name":"artcat.cz","logo":{"@type":"ImageObject","@id":"\/logo.png","url":"\/logo.png","width":600,"height":60}},"image":{"@type":"ImageObject","@id":"https:\/\/www.artcat.cz\/wp-content\/uploads\/16._5._2025_09_43_17_V5Djr8.png","url":"https:\/\/www.artcat.cz\/wp-content\/uploads\/16._5._2025_09_43_17_V5Djr8.png","height":0,"width":0},"keywords":null},{"@type":"Article","@id":"https:\/\/www.artcat.cz\/fidget-spinner-manie-ktera-vas-muze-prijit-pekne-draho\/","headline":"Fidget spinner &#8211; m\u00e1nie, kter\u00e1 v\u00e1s M\u016e\u017dE P\u0158IJ\u00cdT P\u011aKN\u011a DRAHO!","url":"https:\/\/www.artcat.cz\/fidget-spinner-manie-ktera-vas-muze-prijit-pekne-draho\/","datePublished":"2025-02-28","dateModified":"2023-05-01","mainEntityOfPage":"https:\/\/www.artcat.cz\/fidget-spinner-manie-ktera-vas-muze-prijit-pekne-draho\/","author":{"@type":"Person","@id":"https:\/\/www.artcat.cz\/author\/#Person","name":"artcat.cz\n","url":"https:\/\/www.artcat.cz\/author\/","identifier":1,"image":{"@type":"ImageObject","@id":"https:\/\/secure.gravatar.com\/avatar\/633c8fb9866a4b0403353760c35030d9478298d226363320d7bf91cdc3dbe3b6?s=96&d=mm&r=g","url":"https:\/\/secure.gravatar.com\/avatar\/633c8fb9866a4b0403353760c35030d9478298d226363320d7bf91cdc3dbe3b6?s=96&d=mm&r=g","height":96,"width":96}},"publisher":{"@type":"Organization","name":"artcat.cz","logo":{"@type":"ImageObject","@id":"\/logo.png","url":"\/logo.png","width":600,"height":60}},"image":{"@type":"ImageObject","@id":"https:\/\/www.artcat.cz\/wp-content\/uploads\/img_a294418_w2149_t1506366777.jpg","url":"https:\/\/www.artcat.cz\/wp-content\/uploads\/img_a294418_w2149_t1506366777.jpg","height":0,"width":0},"keywords":null},{"@type":"Article","@id":"https:\/\/www.artcat.cz\/svetlo-a-jeho-poslani-i-vliv-na-cloveka\/","headline":"Sv\u011btlo a jeho posl\u00e1n\u00ed i vliv na \u010dlov\u011bka","url":"https:\/\/www.artcat.cz\/svetlo-a-jeho-poslani-i-vliv-na-cloveka\/","datePublished":"2025-02-27","dateModified":"2023-05-01","mainEntityOfPage":"https:\/\/www.artcat.cz\/svetlo-a-jeho-poslani-i-vliv-na-cloveka\/","author":{"@type":"Person","@id":"https:\/\/www.artcat.cz\/author\/#Person","name":"artcat.cz\n","url":"https:\/\/www.artcat.cz\/author\/","identifier":1,"image":{"@type":"ImageObject","@id":"https:\/\/secure.gravatar.com\/avatar\/633c8fb9866a4b0403353760c35030d9478298d226363320d7bf91cdc3dbe3b6?s=96&d=mm&r=g","url":"https:\/\/secure.gravatar.com\/avatar\/633c8fb9866a4b0403353760c35030d9478298d226363320d7bf91cdc3dbe3b6?s=96&d=mm&r=g","height":96,"width":96}},"publisher":{"@type":"Organization","name":"artcat.cz","logo":{"@type":"ImageObject","@id":"\/logo.png","url":"\/logo.png","width":600,"height":60}},"image":{"@type":"ImageObject","@id":"https:\/\/www.artcat.cz\/wp-content\/uploads\/img_a306115_w2149_t1517341678.jpg","url":"https:\/\/www.artcat.cz\/wp-content\/uploads\/img_a306115_w2149_t1517341678.jpg","height":0,"width":0},"keywords":null},{"@type":"Article","@id":"https:\/\/www.artcat.cz\/vyrobky-z-ovocne-rise\/","headline":"V\u00fdrobky z ovocn\u00e9 \u0159\u00ed\u0161e","url":"https:\/\/www.artcat.cz\/vyrobky-z-ovocne-rise\/","datePublished":"2025-02-26","dateModified":"2023-05-01","mainEntityOfPage":"https:\/\/www.artcat.cz\/vyrobky-z-ovocne-rise\/","author":{"@type":"Person","@id":"https:\/\/www.artcat.cz\/author\/#Person","name":"artcat.cz\n","url":"https:\/\/www.artcat.cz\/author\/","identifier":1,"image":{"@type":"ImageObject","@id":"https:\/\/secure.gravatar.com\/avatar\/633c8fb9866a4b0403353760c35030d9478298d226363320d7bf91cdc3dbe3b6?s=96&d=mm&r=g","url":"https:\/\/secure.gravatar.com\/avatar\/633c8fb9866a4b0403353760c35030d9478298d226363320d7bf91cdc3dbe3b6?s=96&d=mm&r=g","height":96,"width":96}},"publisher":{"@type":"Organization","name":"artcat.cz","logo":{"@type":"ImageObject","@id":"\/logo.png","url":"\/logo.png","width":600,"height":60}},"image":{"@type":"ImageObject","@id":"https:\/\/www.artcat.cz\/wp-content\/uploads\/img_a320049_w2149_t1531238154.jpg","url":"https:\/\/www.artcat.cz\/wp-content\/uploads\/img_a320049_w2149_t1531238154.jpg","height":0,"width":0},"keywords":null},{"@type":"Article","@id":"https:\/\/www.artcat.cz\/aplikace-raspberry-pi\/","headline":"Aplikace Raspberry Pi","url":"https:\/\/www.artcat.cz\/aplikace-raspberry-pi\/","datePublished":"2024-09-15","dateModified":"2024-09-15","mainEntityOfPage":"https:\/\/www.artcat.cz\/aplikace-raspberry-pi\/","author":{"@type":"Person","@id":"https:\/\/www.artcat.cz\/author\/#Person","name":"artcat.cz\n","url":"https:\/\/www.artcat.cz\/author\/","identifier":1,"image":{"@type":"ImageObject","@id":"https:\/\/secure.gravatar.com\/avatar\/633c8fb9866a4b0403353760c35030d9478298d226363320d7bf91cdc3dbe3b6?s=96&d=mm&r=g","url":"https:\/\/secure.gravatar.com\/avatar\/633c8fb9866a4b0403353760c35030d9478298d226363320d7bf91cdc3dbe3b6?s=96&d=mm&r=g","height":96,"width":96}},"publisher":{"@type":"Organization","name":"artcat.cz","logo":{"@type":"ImageObject","@id":"\/logo.png","url":"\/logo.png","width":600,"height":60}},"image":{"@type":"ImageObject","@id":"https:\/\/www.artcat.cz\/wp-content\/uploads\/raspberry_1_tCZwB8.jpg","url":"https:\/\/www.artcat.cz\/wp-content\/uploads\/raspberry_1_tCZwB8.jpg","height":0,"width":0},"keywords":null},{"@type":"Article","@id":"https:\/\/www.artcat.cz\/vsadte-na-kamennou-krasu\/","headline":"Vsa\u010fte na kamennou kr\u00e1su","url":"https:\/\/www.artcat.cz\/vsadte-na-kamennou-krasu\/","datePublished":"2023-12-18","dateModified":"2023-12-14","mainEntityOfPage":"https:\/\/www.artcat.cz\/vsadte-na-kamennou-krasu\/","author":{"@type":"Person","@id":"https:\/\/www.artcat.cz\/author\/#Person","name":"artcat.cz\n","url":"https:\/\/www.artcat.cz\/author\/","identifier":1,"image":{"@type":"ImageObject","@id":"https:\/\/secure.gravatar.com\/avatar\/633c8fb9866a4b0403353760c35030d9478298d226363320d7bf91cdc3dbe3b6?s=96&d=mm&r=g","url":"https:\/\/secure.gravatar.com\/avatar\/633c8fb9866a4b0403353760c35030d9478298d226363320d7bf91cdc3dbe3b6?s=96&d=mm&r=g","height":96,"width":96}},"publisher":{"@type":"Organization","name":"artcat.cz","logo":{"@type":"ImageObject","@id":"\/logo.png","url":"\/logo.png","width":600,"height":60}},"image":{"@type":"ImageObject","@id":"https:\/\/www.artcat.cz\/wp-content\/uploads\/kristal_pyramida_jT4dFk.jpg","url":"https:\/\/www.artcat.cz\/wp-content\/uploads\/kristal_pyramida_jT4dFk.jpg","height":0,"width":0},"keywords":null},{"@type":"Article","@id":"https:\/\/www.artcat.cz\/tvrzene-sklo-pro-apple-iphone-15-pro-stit-pro-vas-high-tech-klenot\/","headline":"Tvrzen\u00e9 sklo pro Apple iPhone 15 Pro: \u0160t\u00edt pro v\u00e1\u0161 high-tech klenot","url":"https:\/\/www.artcat.cz\/tvrzene-sklo-pro-apple-iphone-15-pro-stit-pro-vas-high-tech-klenot\/","datePublished":"2023-09-14","dateModified":"2023-10-04","mainEntityOfPage":"https:\/\/www.artcat.cz\/tvrzene-sklo-pro-apple-iphone-15-pro-stit-pro-vas-high-tech-klenot\/","author":{"@type":"Person","@id":"https:\/\/www.artcat.cz\/author\/#Person","name":"artcat.cz\n","url":"https:\/\/www.artcat.cz\/author\/","identifier":1,"image":{"@type":"ImageObject","@id":"https:\/\/secure.gravatar.com\/avatar\/633c8fb9866a4b0403353760c35030d9478298d226363320d7bf91cdc3dbe3b6?s=96&d=mm&r=g","url":"https:\/\/secure.gravatar.com\/avatar\/633c8fb9866a4b0403353760c35030d9478298d226363320d7bf91cdc3dbe3b6?s=96&d=mm&r=g","height":96,"width":96}},"publisher":{"@type":"Organization","name":"artcat.cz","logo":{"@type":"ImageObject","@id":"\/logo.png","url":"\/logo.png","width":600,"height":60}},"image":{"@type":"ImageObject","@id":"https:\/\/www.artcat.cz\/wp-content\/uploads\/tvrzene_sklo_AxhfBk.jpg","url":"https:\/\/www.artcat.cz\/wp-content\/uploads\/tvrzene_sklo_AxhfBk.jpg","height":0,"width":0},"keywords":null},{"@type":"Article","@id":"https:\/\/www.artcat.cz\/skladaci-jidelni-stul-funkcni-a-prakticke-reseni-pro-prostorovou-efektivitu\/","headline":"Skl\u00e1dac\u00ed j\u00eddeln\u00ed st\u016fl: Funk\u010dn\u00ed a praktick\u00e9 \u0159e\u0161en\u00ed pro prostorovou efektivitu","url":"https:\/\/www.artcat.cz\/skladaci-jidelni-stul-funkcni-a-prakticke-reseni-pro-prostorovou-efektivitu\/","datePublished":"2023-08-24","dateModified":"2023-08-08","mainEntityOfPage":"https:\/\/www.artcat.cz\/skladaci-jidelni-stul-funkcni-a-prakticke-reseni-pro-prostorovou-efektivitu\/","author":{"@type":"Person","@id":"https:\/\/www.artcat.cz\/author\/#Person","name":"artcat.cz\n","url":"https:\/\/www.artcat.cz\/author\/","identifier":1,"image":{"@type":"ImageObject","@id":"https:\/\/secure.gravatar.com\/avatar\/633c8fb9866a4b0403353760c35030d9478298d226363320d7bf91cdc3dbe3b6?s=96&d=mm&r=g","url":"https:\/\/secure.gravatar.com\/avatar\/633c8fb9866a4b0403353760c35030d9478298d226363320d7bf91cdc3dbe3b6?s=96&d=mm&r=g","height":96,"width":96}},"publisher":{"@type":"Organization","name":"artcat.cz","logo":{"@type":"ImageObject","@id":"\/logo.png","url":"\/logo.png","width":600,"height":60}},"image":{"@type":"ImageObject","@id":"https:\/\/www.artcat.cz\/wp-content\/uploads\/skladaci_stul_7qmIXc.jpg","url":"https:\/\/www.artcat.cz\/wp-content\/uploads\/skladaci_stul_7qmIXc.jpg","height":0,"width":0},"keywords":null},{"@type":"Article","@id":"https:\/\/www.artcat.cz\/stany-se-mohou-hodit\/","headline":"Stany se mohou hodit","url":"https:\/\/www.artcat.cz\/stany-se-mohou-hodit\/","datePublished":"2023-05-22","dateModified":"2023-06-01","mainEntityOfPage":"https:\/\/www.artcat.cz\/stany-se-mohou-hodit\/","author":{"@type":"Person","@id":"https:\/\/www.artcat.cz\/author\/#Person","name":"artcat.cz\n","url":"https:\/\/www.artcat.cz\/author\/","identifier":1,"image":{"@type":"ImageObject","@id":"https:\/\/secure.gravatar.com\/avatar\/633c8fb9866a4b0403353760c35030d9478298d226363320d7bf91cdc3dbe3b6?s=96&d=mm&r=g","url":"https:\/\/secure.gravatar.com\/avatar\/633c8fb9866a4b0403353760c35030d9478298d226363320d7bf91cdc3dbe3b6?s=96&d=mm&r=g","height":96,"width":96}},"publisher":{"@type":"Organization","name":"artcat.cz","logo":{"@type":"ImageObject","@id":"\/logo.png","url":"\/logo.png","width":600,"height":60}},"image":{"@type":"ImageObject","@id":"https:\/\/www.artcat.cz\/wp-content\/uploads\/ssssss_3.jpg","url":"https:\/\/www.artcat.cz\/wp-content\/uploads\/ssssss_3.jpg","height":0,"width":0},"keywords":null},{"@type":"Article","@id":"https:\/\/www.artcat.cz\/naprosto-skvely-nabytek\/","headline":"Naprosto skv\u011bl\u00fd n\u00e1bytek","url":"https:\/\/www.artcat.cz\/naprosto-skvely-nabytek\/","datePublished":"2023-04-18","dateModified":"2023-05-01","mainEntityOfPage":"https:\/\/www.artcat.cz\/naprosto-skvely-nabytek\/","author":{"@type":"Person","@id":"https:\/\/www.artcat.cz\/author\/#Person","name":"artcat.cz\n","url":"https:\/\/www.artcat.cz\/author\/","identifier":1,"image":{"@type":"ImageObject","@id":"https:\/\/secure.gravatar.com\/avatar\/633c8fb9866a4b0403353760c35030d9478298d226363320d7bf91cdc3dbe3b6?s=96&d=mm&r=g","url":"https:\/\/secure.gravatar.com\/avatar\/633c8fb9866a4b0403353760c35030d9478298d226363320d7bf91cdc3dbe3b6?s=96&d=mm&r=g","height":96,"width":96}},"publisher":{"@type":"Organization","name":"artcat.cz","logo":{"@type":"ImageObject","@id":"\/logo.png","url":"\/logo.png","width":600,"height":60}},"image":{"@type":"ImageObject","@id":"https:\/\/www.artcat.cz\/wp-content\/uploads\/dining_table_table_cutlery.jpg","url":"https:\/\/www.artcat.cz\/wp-content\/uploads\/dining_table_table_cutlery.jpg","height":0,"width":0},"keywords":null}]}