{"@context":"https:\/\/schema.org\/","@type":"CollectionPage","@id":"https:\/\/www.artcat.cz\/vyrobky\/#CollectionPage","headline":"V\u00fdrobky Category","description":"","url":"https:\/\/www.artcat.cz\/vyrobky\/","hasPart":[{"@type":"Article","@id":"https:\/\/www.artcat.cz\/multi-tablety-5v1\/","headline":"Multi tablety 5v1","url":"https:\/\/www.artcat.cz\/multi-tablety-5v1\/","datePublished":"2018-08-16","dateModified":"2023-05-01","mainEntityOfPage":"https:\/\/www.artcat.cz\/multi-tablety-5v1\/","author":{"@type":"Person","@id":"https:\/\/www.artcat.cz\/author\/#Person","name":"artcat.cz\n","url":"https:\/\/www.artcat.cz\/author\/","identifier":1,"image":{"@type":"ImageObject","@id":"https:\/\/secure.gravatar.com\/avatar\/633c8fb9866a4b0403353760c35030d9478298d226363320d7bf91cdc3dbe3b6?s=96&d=mm&r=g","url":"https:\/\/secure.gravatar.com\/avatar\/633c8fb9866a4b0403353760c35030d9478298d226363320d7bf91cdc3dbe3b6?s=96&d=mm&r=g","height":96,"width":96}},"publisher":{"@type":"Organization","name":"artcat.cz","logo":{"@type":"ImageObject","@id":"\/logo.png","url":"\/logo.png","width":600,"height":60}},"image":{"@type":"ImageObject","@id":"https:\/\/www.artcat.cz\/wp-content\/uploads\/img_a324730_w2149_t1536655749.jpg","url":"https:\/\/www.artcat.cz\/wp-content\/uploads\/img_a324730_w2149_t1536655749.jpg","height":0,"width":0},"keywords":null},{"@type":"Article","@id":"https:\/\/www.artcat.cz\/par-letnich-tipu-jak-zrychlit-metabolismus\/","headline":"P\u00e1r letn\u00edch tip\u016f jak zrychlit metabolismus","url":"https:\/\/www.artcat.cz\/par-letnich-tipu-jak-zrychlit-metabolismus\/","datePublished":"2018-08-08","dateModified":"2023-05-01","mainEntityOfPage":"https:\/\/www.artcat.cz\/par-letnich-tipu-jak-zrychlit-metabolismus\/","author":{"@type":"Person","@id":"https:\/\/www.artcat.cz\/author\/#Person","name":"artcat.cz\n","url":"https:\/\/www.artcat.cz\/author\/","identifier":1,"image":{"@type":"ImageObject","@id":"https:\/\/secure.gravatar.com\/avatar\/633c8fb9866a4b0403353760c35030d9478298d226363320d7bf91cdc3dbe3b6?s=96&d=mm&r=g","url":"https:\/\/secure.gravatar.com\/avatar\/633c8fb9866a4b0403353760c35030d9478298d226363320d7bf91cdc3dbe3b6?s=96&d=mm&r=g","height":96,"width":96}},"publisher":{"@type":"Organization","name":"artcat.cz","logo":{"@type":"ImageObject","@id":"\/logo.png","url":"\/logo.png","width":600,"height":60}},"image":{"@type":"ImageObject","@id":"https:\/\/www.artcat.cz\/wp-content\/uploads\/img_a322387_w2149_t1533981734.jpg","url":"https:\/\/www.artcat.cz\/wp-content\/uploads\/img_a322387_w2149_t1533981734.jpg","height":0,"width":0},"keywords":null},{"@type":"Article","@id":"https:\/\/www.artcat.cz\/pradlo-do-kazdeho-pocasi\/","headline":"Pr\u00e1dlo do ka\u017ed\u00e9ho po\u010das\u00ed","url":"https:\/\/www.artcat.cz\/pradlo-do-kazdeho-pocasi\/","datePublished":"2018-07-24","dateModified":"2023-05-01","mainEntityOfPage":"https:\/\/www.artcat.cz\/pradlo-do-kazdeho-pocasi\/","author":{"@type":"Person","@id":"https:\/\/www.artcat.cz\/author\/#Person","name":"artcat.cz\n","url":"https:\/\/www.artcat.cz\/author\/","identifier":1,"image":{"@type":"ImageObject","@id":"https:\/\/secure.gravatar.com\/avatar\/633c8fb9866a4b0403353760c35030d9478298d226363320d7bf91cdc3dbe3b6?s=96&d=mm&r=g","url":"https:\/\/secure.gravatar.com\/avatar\/633c8fb9866a4b0403353760c35030d9478298d226363320d7bf91cdc3dbe3b6?s=96&d=mm&r=g","height":96,"width":96}},"publisher":{"@type":"Organization","name":"artcat.cz","logo":{"@type":"ImageObject","@id":"\/logo.png","url":"\/logo.png","width":600,"height":60}},"image":{"@type":"ImageObject","@id":"https:\/\/www.artcat.cz\/wp-content\/uploads\/img_a320722_w2149_t1532014884.jpg","url":"https:\/\/www.artcat.cz\/wp-content\/uploads\/img_a320722_w2149_t1532014884.jpg","height":0,"width":0},"keywords":null},{"@type":"Article","@id":"https:\/\/www.artcat.cz\/vsadte-na-to-s-cim-budete-spokojeni\/","headline":"Vsa\u010fte na to, s \u010d\u00edm budete spokojeni","url":"https:\/\/www.artcat.cz\/vsadte-na-to-s-cim-budete-spokojeni\/","datePublished":"2018-06-09","dateModified":"2023-05-01","mainEntityOfPage":"https:\/\/www.artcat.cz\/vsadte-na-to-s-cim-budete-spokojeni\/","author":{"@type":"Person","@id":"https:\/\/www.artcat.cz\/author\/#Person","name":"artcat.cz\n","url":"https:\/\/www.artcat.cz\/author\/","identifier":1,"image":{"@type":"ImageObject","@id":"https:\/\/secure.gravatar.com\/avatar\/633c8fb9866a4b0403353760c35030d9478298d226363320d7bf91cdc3dbe3b6?s=96&d=mm&r=g","url":"https:\/\/secure.gravatar.com\/avatar\/633c8fb9866a4b0403353760c35030d9478298d226363320d7bf91cdc3dbe3b6?s=96&d=mm&r=g","height":96,"width":96}},"publisher":{"@type":"Organization","name":"artcat.cz","logo":{"@type":"ImageObject","@id":"\/logo.png","url":"\/logo.png","width":600,"height":60}},"image":{"@type":"ImageObject","@id":"https:\/\/www.artcat.cz\/wp-content\/uploads\/img_a321374_w2149_t1532630712.jpg","url":"https:\/\/www.artcat.cz\/wp-content\/uploads\/img_a321374_w2149_t1532630712.jpg","height":0,"width":0},"keywords":null},{"@type":"Article","@id":"https:\/\/www.artcat.cz\/stinici-site-na-plot\/","headline":"St\u00edn\u00edc\u00ed s\u00edt\u011b na plot","url":"https:\/\/www.artcat.cz\/stinici-site-na-plot\/","datePublished":"2018-02-11","dateModified":"2023-05-01","mainEntityOfPage":"https:\/\/www.artcat.cz\/stinici-site-na-plot\/","author":{"@type":"Person","@id":"https:\/\/www.artcat.cz\/author\/#Person","name":"artcat.cz\n","url":"https:\/\/www.artcat.cz\/author\/","identifier":1,"image":{"@type":"ImageObject","@id":"https:\/\/secure.gravatar.com\/avatar\/633c8fb9866a4b0403353760c35030d9478298d226363320d7bf91cdc3dbe3b6?s=96&d=mm&r=g","url":"https:\/\/secure.gravatar.com\/avatar\/633c8fb9866a4b0403353760c35030d9478298d226363320d7bf91cdc3dbe3b6?s=96&d=mm&r=g","height":96,"width":96}},"publisher":{"@type":"Organization","name":"artcat.cz","logo":{"@type":"ImageObject","@id":"\/logo.png","url":"\/logo.png","width":600,"height":60}},"image":{"@type":"ImageObject","@id":"https:\/\/www.artcat.cz\/wp-content\/uploads\/img_a309479_w2149_t1520421171.jpg","url":"https:\/\/www.artcat.cz\/wp-content\/uploads\/img_a309479_w2149_t1520421171.jpg","height":0,"width":0},"keywords":null},{"@type":"Article","@id":"https:\/\/www.artcat.cz\/cyklicka-ketogenni-dieta\/","headline":"Cyklick\u00e1 ketogenn\u00ed dieta","url":"https:\/\/www.artcat.cz\/cyklicka-ketogenni-dieta\/","datePublished":"2017-12-01","dateModified":"2024-04-11","mainEntityOfPage":"https:\/\/www.artcat.cz\/cyklicka-ketogenni-dieta\/","author":{"@type":"Person","@id":"https:\/\/www.artcat.cz\/author\/#Person","name":"artcat.cz\n","url":"https:\/\/www.artcat.cz\/author\/","identifier":1,"image":{"@type":"ImageObject","@id":"https:\/\/secure.gravatar.com\/avatar\/633c8fb9866a4b0403353760c35030d9478298d226363320d7bf91cdc3dbe3b6?s=96&d=mm&r=g","url":"https:\/\/secure.gravatar.com\/avatar\/633c8fb9866a4b0403353760c35030d9478298d226363320d7bf91cdc3dbe3b6?s=96&d=mm&r=g","height":96,"width":96}},"publisher":{"@type":"Organization","name":"artcat.cz","logo":{"@type":"ImageObject","@id":"\/logo.png","url":"\/logo.png","width":600,"height":60}},"image":{"@type":"ImageObject","@id":"https:\/\/www.artcat.cz\/wp-content\/uploads\/img_a306187_w2149_t1517389094.jpg","url":"https:\/\/www.artcat.cz\/wp-content\/uploads\/img_a306187_w2149_t1517389094.jpg","height":0,"width":0},"keywords":null},{"@type":"Article","@id":"https:\/\/www.artcat.cz\/vyberte-si-to-nejlepsi-reseni\/","headline":"Vyberte si to nejlep\u0161\u00ed \u0159e\u0161en\u00ed","url":"https:\/\/www.artcat.cz\/vyberte-si-to-nejlepsi-reseni\/","datePublished":"2017-08-21","dateModified":"2024-01-16","mainEntityOfPage":"https:\/\/www.artcat.cz\/vyberte-si-to-nejlepsi-reseni\/","author":{"@type":"Person","@id":"https:\/\/www.artcat.cz\/author\/#Person","name":"artcat.cz\n","url":"https:\/\/www.artcat.cz\/author\/","identifier":1,"image":{"@type":"ImageObject","@id":"https:\/\/secure.gravatar.com\/avatar\/633c8fb9866a4b0403353760c35030d9478298d226363320d7bf91cdc3dbe3b6?s=96&d=mm&r=g","url":"https:\/\/secure.gravatar.com\/avatar\/633c8fb9866a4b0403353760c35030d9478298d226363320d7bf91cdc3dbe3b6?s=96&d=mm&r=g","height":96,"width":96}},"publisher":{"@type":"Organization","name":"artcat.cz","logo":{"@type":"ImageObject","@id":"\/logo.png","url":"\/logo.png","width":600,"height":60}},"image":{"@type":"ImageObject","@id":"https:\/\/www.artcat.cz\/wp-content\/uploads\/img_a297671_w2084_t1508067834.jpg","url":"https:\/\/www.artcat.cz\/wp-content\/uploads\/img_a297671_w2084_t1508067834.jpg","height":0,"width":0},"keywords":null},{"@type":"Article","@id":"https:\/\/www.artcat.cz\/calvin-klein-podprsenka\/","headline":"Calvin Klein podprsenka","url":"https:\/\/www.artcat.cz\/calvin-klein-podprsenka\/","datePublished":"2017-08-14","dateModified":"2023-05-01","mainEntityOfPage":"https:\/\/www.artcat.cz\/calvin-klein-podprsenka\/","author":{"@type":"Person","@id":"https:\/\/www.artcat.cz\/author\/#Person","name":"artcat.cz\n","url":"https:\/\/www.artcat.cz\/author\/","identifier":1,"image":{"@type":"ImageObject","@id":"https:\/\/secure.gravatar.com\/avatar\/633c8fb9866a4b0403353760c35030d9478298d226363320d7bf91cdc3dbe3b6?s=96&d=mm&r=g","url":"https:\/\/secure.gravatar.com\/avatar\/633c8fb9866a4b0403353760c35030d9478298d226363320d7bf91cdc3dbe3b6?s=96&d=mm&r=g","height":96,"width":96}},"publisher":{"@type":"Organization","name":"artcat.cz","logo":{"@type":"ImageObject","@id":"\/logo.png","url":"\/logo.png","width":600,"height":60}},"image":{"@type":"ImageObject","@id":"https:\/\/www.artcat.cz\/wp-content\/uploads\/img_a295562_w2149_t1507026518.jpg","url":"https:\/\/www.artcat.cz\/wp-content\/uploads\/img_a295562_w2149_t1507026518.jpg","height":0,"width":0},"keywords":null},{"@type":"Article","@id":"https:\/\/www.artcat.cz\/specialni-pripravek-ktery-vam-pomuze-v-boji-s-kilogramy\/","headline":"Speci\u00e1ln\u00ed p\u0159\u00edpravek, kter\u00fd v\u00e1m pom\u016f\u017ee v boji s kilogramy","url":"https:\/\/www.artcat.cz\/specialni-pripravek-ktery-vam-pomuze-v-boji-s-kilogramy\/","datePublished":"2017-04-25","dateModified":"2024-03-22","mainEntityOfPage":"https:\/\/www.artcat.cz\/specialni-pripravek-ktery-vam-pomuze-v-boji-s-kilogramy\/","author":{"@type":"Person","@id":"https:\/\/www.artcat.cz\/author\/#Person","name":"artcat.cz\n","url":"https:\/\/www.artcat.cz\/author\/","identifier":1,"image":{"@type":"ImageObject","@id":"https:\/\/secure.gravatar.com\/avatar\/633c8fb9866a4b0403353760c35030d9478298d226363320d7bf91cdc3dbe3b6?s=96&d=mm&r=g","url":"https:\/\/secure.gravatar.com\/avatar\/633c8fb9866a4b0403353760c35030d9478298d226363320d7bf91cdc3dbe3b6?s=96&d=mm&r=g","height":96,"width":96}},"publisher":{"@type":"Organization","name":"artcat.cz","logo":{"@type":"ImageObject","@id":"\/logo.png","url":"\/logo.png","width":600,"height":60}},"image":{"@type":"ImageObject","@id":"https:\/\/www.artcat.cz\/wp-content\/uploads\/img_a287454_w2198_t1498066737.jpg","url":"https:\/\/www.artcat.cz\/wp-content\/uploads\/img_a287454_w2198_t1498066737.jpg","height":0,"width":0},"keywords":null}]}